{"id":926,"date":"2017-04-03T12:53:39","date_gmt":"2017-04-03T10:53:39","guid":{"rendered":"http:\/\/sportverein-lindern.de\/sv\/?p=926"},"modified":"2017-04-03T12:53:39","modified_gmt":"2017-04-03T10:53:39","slug":"lindern-ist-volleyball","status":"publish","type":"post","link":"http:\/\/sportverein-lindern.de\/sv\/2017\/04\/03\/lindern-ist-volleyball\/","title":{"rendered":"Lindern ist Volleyball !"},"content":{"rendered":"<p>Das vergangene Wochenende stand wieder ganz im Zeichen das Volleyball<\/p>\n<p>Nachdem am Samstag die drei Jugendtrainer Ute Gehlenborg, Christine Vredenborg und Nicole Beckmann auf einer Trainer-Fortbildung waren, konnten die j\u00fcngsten Volleyball-Talente am Sonntag einen Turniersieg feien <span class=\"_47e3 _5mfr\" title=\"\u201esmile\u201c-Emoticon\"><img loading=\"lazy\" decoding=\"async\" class=\"img\" src=\"https:\/\/www.facebook.com\/images\/emoji.php\/v8\/f4c\/1\/16\/1f642.png\" alt=\"\" width=\"16\" height=\"16\" \/><\/span><\/p>\n<p>&nbsp;<\/p>\n<p>Samstag ging es f\u00fcr die drei Trainer um kurz vor 10 ins benachbarte L\u00f6ningen und besch\u00e4ftigten sich dort mit &#8222;Didaktik im Volleyball &#8211; Modernes Lernen an<br \/>\npraktischen Beispielen&#8220;.<\/p>\n<p>Als Referent stellte sich Gunnar Kraus zur Verf\u00fcgung, Lehrreferent des Nordwestdeutschen Volleyballverbandes (NWVV), aktueller Meistertrainer des Oberligisten VC Osnabr\u00fcck und fr\u00fcherer Kadertrainer des NWVV. &#8222;Es war ein interessanter Tag, mit vielen Impulsen und einer neuen Herangehensweise als Trainer&#8220; fasst Abteilungsleiterin N. Beckmann zusammen. &#8222;Was und wie viel wir davon umsetzen werden, bzw. umsetzen k\u00f6nnen wird sich noch zeigen, denn einige \u00dcbungen sind noch zu komplex f\u00fcr unsere jungen Spieler.&#8220; So Beckmann weiter &#8222;Aber wir geben die Infos und Unterlagen auch an die anderen Trainer weiter und ich denke, das vor allem Viktor Els\u00e4sser mit der 1. Damen, als Aufsteiger in die Bezirksklasse, viel davon umsetzen kann.&#8220; Christine Vredenborg erg\u00e4nzt &#8222;Der Austausch mit anderen Trainern ist oft lehrreicher und hilfreicher als das eigentliche Thema, bzw. deren Theorie.&#8220;<\/p>\n<p>Am Sonntag fand Volleyballturnier der Jugendliga und Ballwerfer der Jugendrunde in Lindern statt und es ging direkt um 9 Uhr los f\u00fcr die Volleyballer aus Lindern, sollte das Turnier doch p\u00fcnktlich um 10:00 starten. Und alle Teilnehmer und G\u00e4ste wissen: so fr\u00fch sonntags muss der Kaffee fertig, frisch und hei\u00df sein <span class=\"_47e3 _5mfr\" title=\"\u201ewink\u201c-Emoticon\"><img loading=\"lazy\" decoding=\"async\" class=\"img\" src=\"https:\/\/www.facebook.com\/images\/emoji.php\/v8\/f57\/1\/16\/1f609.png\" alt=\"\" width=\"16\" height=\"16\" \/><\/span><\/p>\n<div id='gallery-1' class='gallery galleryid-926 gallery-columns-3 gallery-size-thumbnail'><figure class='gallery-item'>\n\t\t\t<div class='gallery-icon landscape'>\n\t\t\t\t<a href='http:\/\/sportverein-lindern.de\/sv\/2017\/04\/03\/lindern-ist-volleyball\/dscn5235\/'><img loading=\"lazy\" decoding=\"async\" width=\"150\" height=\"150\" src=\"http:\/\/sportverein-lindern.de\/sv\/wp-content\/uploads\/2017\/04\/DSCN5235-150x150.jpg\" class=\"attachment-thumbnail size-thumbnail\" alt=\"\" srcset=\"http:\/\/sportverein-lindern.de\/sv\/wp-content\/uploads\/2017\/04\/DSCN5235-150x150.jpg 150w, http:\/\/sportverein-lindern.de\/sv\/wp-content\/uploads\/2017\/04\/DSCN5235-200x200.jpg 200w, http:\/\/sportverein-lindern.de\/sv\/wp-content\/uploads\/2017\/04\/DSCN5235-100x100.jpg 100w\" sizes=\"(max-width: 150px) 100vw, 150px\" \/><\/a>\n\t\t\t<\/div><\/figure><figure class='gallery-item'>\n\t\t\t<div class='gallery-icon landscape'>\n\t\t\t\t<a href='http:\/\/sportverein-lindern.de\/sv\/2017\/04\/03\/lindern-ist-volleyball\/dscn5241\/'><img loading=\"lazy\" decoding=\"async\" width=\"150\" height=\"150\" src=\"http:\/\/sportverein-lindern.de\/sv\/wp-content\/uploads\/2017\/04\/DSCN5241-150x150.jpg\" class=\"attachment-thumbnail size-thumbnail\" alt=\"\" srcset=\"http:\/\/sportverein-lindern.de\/sv\/wp-content\/uploads\/2017\/04\/DSCN5241-150x150.jpg 150w, http:\/\/sportverein-lindern.de\/sv\/wp-content\/uploads\/2017\/04\/DSCN5241-200x200.jpg 200w, http:\/\/sportverein-lindern.de\/sv\/wp-content\/uploads\/2017\/04\/DSCN5241-100x100.jpg 100w\" sizes=\"(max-width: 150px) 100vw, 150px\" \/><\/a>\n\t\t\t<\/div><\/figure><figure class='gallery-item'>\n\t\t\t<div class='gallery-icon landscape'>\n\t\t\t\t<a href='http:\/\/sportverein-lindern.de\/sv\/2017\/04\/03\/lindern-ist-volleyball\/dscn5248\/'><img loading=\"lazy\" decoding=\"async\" width=\"150\" height=\"150\" src=\"http:\/\/sportverein-lindern.de\/sv\/wp-content\/uploads\/2017\/04\/DSCN5248-150x150.jpg\" class=\"attachment-thumbnail size-thumbnail\" alt=\"\" srcset=\"http:\/\/sportverein-lindern.de\/sv\/wp-content\/uploads\/2017\/04\/DSCN5248-150x150.jpg 150w, http:\/\/sportverein-lindern.de\/sv\/wp-content\/uploads\/2017\/04\/DSCN5248-200x200.jpg 200w, http:\/\/sportverein-lindern.de\/sv\/wp-content\/uploads\/2017\/04\/DSCN5248-100x100.jpg 100w\" sizes=\"(max-width: 150px) 100vw, 150px\" \/><\/a>\n\t\t\t<\/div><\/figure><figure class='gallery-item'>\n\t\t\t<div class='gallery-icon landscape'>\n\t\t\t\t<a href='http:\/\/sportverein-lindern.de\/sv\/2017\/04\/03\/lindern-ist-volleyball\/dscn5262\/'><img loading=\"lazy\" decoding=\"async\" width=\"150\" height=\"150\" src=\"http:\/\/sportverein-lindern.de\/sv\/wp-content\/uploads\/2017\/04\/DSCN5262-150x150.jpg\" class=\"attachment-thumbnail size-thumbnail\" alt=\"\" srcset=\"http:\/\/sportverein-lindern.de\/sv\/wp-content\/uploads\/2017\/04\/DSCN5262-150x150.jpg 150w, http:\/\/sportverein-lindern.de\/sv\/wp-content\/uploads\/2017\/04\/DSCN5262-200x200.jpg 200w, http:\/\/sportverein-lindern.de\/sv\/wp-content\/uploads\/2017\/04\/DSCN5262-100x100.jpg 100w\" sizes=\"(max-width: 150px) 100vw, 150px\" \/><\/a>\n\t\t\t<\/div><\/figure>\n\t\t<\/div>\n\n<p>Es waren in der Leistungsklasse 2 vier Mannschaften angetreten: Cappeln, Neuscharrel, Varrelbusch und wir, Lindern. Gespielt wurden zwei S\u00e4tze auf 25 Punkte.<\/p>\n<p>Die Linderner Mannschaftsaufstellung war folgenderma\u00dfen:<\/p>\n<p>Pauline Bruns, Frida Deters, Judith L\u00fcbke, Lea Schmidt, Erick Seidens, Kornelia Stang und Jevste Vredenborg-Neuland.<\/p>\n<p>Die Ergebnisse unserer Spiele:<\/p>\n<p>Lindern \u2013 Varrelbusch 14:25; 21:25<br \/>\nLindern \u2013 Cappeln 16:25; 13:25<br \/>\nLindern \u2013 Neuscharrel 25:18; 25:15<br \/>\nCappeln wurde Turniersieger, der zweite Platz ging an Varrelbusch, Lindern belegte Platz drei und Neuscharrel Platz vier.<\/p>\n<p>Alle Ballwerfer aus Varrelbusch haben ihre \u201e Kinder-Spielabzeichen-Volleyball-Pr\u00fcfung\u201c erfolgreich abgelegt und erhielten neben einer Urkunde vom NVV auch das Abzeichen zum Aufn\u00e4he auf ihre Volleyball-Shirts.<\/p>\n<p>&#8222;Danke an Jana und Laura aus der 1. Damen, die beiden \u00fcbernahmen u.a. die Abnahme der entsprechenden Pr\u00fcfung.<br \/>\nUnser Cafeteria-Buffet war der Hit, siehe Foto. Vielen Dank an Talea f\u00fcr den Einkauf, an Daria, Daniela und Natascha die in der Cafeteria die Betreuung\/Service \u00fcbernommen haben, sowie an die Eltern f\u00fcr den leckeren Kuchen, Waffeln, Muffins und Obstspie\u00dfe.&#8220; so Turnier-Leiterin und Jugendtrainerin Christine Vredenborg. &#8222;Weiter haben Jana, Laura und Natascha das Schiedsrichteramt \u00fcbernommen, als aus Zeitgr\u00fcnden, zwei Begegnungen parallel spielen mussten. Talea hat erfolgreich das Coachen unserer Mannschaft \u00fcbernommen, auch hierf\u00fcr m\u00f6chte ich mich herzlich bedanken.&#8220; So C. Vredenborg weiter.<\/p>\n<p>&#8222;Au\u00e9rdem gilt gro\u00dfer Dank Ute Gehlenborg, die am Samstagabend tatkr\u00e4ftig geholfen hat alles herzurichten (Spielfelder aufbauen, Banner anbringen, etc.).&#8220;<\/p>\n<p>&#8222;Ich denke wir haben ein sehr sch\u00f6nes Turnier ausgerichtet und die Kinder hatten viel Spielspa\u00df!&#8220;<\/p>\n<p>Jetzt geht die Organisation f\u00fcr das n\u00e4chste Event los: Der NWVV bat Lindern, den diesj\u00e4hrigen Regionspokal auszurichten. &#8222;Wir freuen uns sehr \u00fcber diese Anfrage&#8220; erkl\u00e4rt Nicole Beckmann &#8222;Regem\u00e4\u00dfig werden wir f\u00fcr unsere sch\u00f6ne helle und saubere Sporthalle gelobt und alle G\u00e4ste, Eltern, Turnierteilnehmer oder auch Gegner freuen sich schon im Vorfeld auf unsere mit Liebe organisierte Cafeteria.&#8220; Also direkt Termin merken: Samstag, 13.05.2017 ab 15:00 Uhr, und als Aufsteiger in die Bezirksklasse hat sich unsere 1. Damen direkt f\u00fcr die Vorrunde qualifiziert <span class=\"_47e3 _5mfr\" title=\"\u201eheart\u201c-Emoticon\"><img loading=\"lazy\" decoding=\"async\" class=\"img\" src=\"https:\/\/www.facebook.com\/images\/emoji.php\/v8\/f6c\/1\/16\/2764.png\" alt=\"\" width=\"16\" height=\"16\" \/><\/span><\/p>\n","protected":false},"excerpt":{"rendered":"<p>Das vergangene Wochenende stand wieder ganz im Zeichen das Volleyball Nachdem am Samstag die drei Jugendtrainer Ute Gehlenborg, Christine Vredenborg und Nicole Beckmann auf einer Trainer-Fortbildung waren, konnten die j\u00fcngsten Volleyball-Talente am Sonntag einen Turniersieg feien &nbsp; Samstag ging es f\u00fcr die drei Trainer um kurz vor 10 ins benachbarte L\u00f6ningen und besch\u00e4ftigten sich dort &hellip; <a href=\"http:\/\/sportverein-lindern.de\/sv\/2017\/04\/03\/lindern-ist-volleyball\/\" class=\"more-link\"><span class=\"screen-reader-text\">Lindern ist Volleyball !<\/span> weiterlesen <span class=\"meta-nav\">&rarr;<\/span><\/a><\/p>\n","protected":false},"author":14,"featured_media":927,"comment_status":"closed","ping_status":"open","sticky":false,"template":"","format":"standard","meta":{"footnotes":""},"categories":[1],"tags":[],"class_list":["post-926","post","type-post","status-publish","format-standard","has-post-thumbnail","hentry","category-allgemeines"],"_links":{"self":[{"href":"http:\/\/sportverein-lindern.de\/sv\/wp-json\/wp\/v2\/posts\/926"}],"collection":[{"href":"http:\/\/sportverein-lindern.de\/sv\/wp-json\/wp\/v2\/posts"}],"about":[{"href":"http:\/\/sportverein-lindern.de\/sv\/wp-json\/wp\/v2\/types\/post"}],"author":[{"embeddable":true,"href":"http:\/\/sportverein-lindern.de\/sv\/wp-json\/wp\/v2\/users\/14"}],"replies":[{"embeddable":true,"href":"http:\/\/sportverein-lindern.de\/sv\/wp-json\/wp\/v2\/comments?post=926"}],"version-history":[{"count":1,"href":"http:\/\/sportverein-lindern.de\/sv\/wp-json\/wp\/v2\/posts\/926\/revisions"}],"predecessor-version":[{"id":934,"href":"http:\/\/sportverein-lindern.de\/sv\/wp-json\/wp\/v2\/posts\/926\/revisions\/934"}],"wp:featuredmedia":[{"embeddable":true,"href":"http:\/\/sportverein-lindern.de\/sv\/wp-json\/wp\/v2\/media\/927"}],"wp:attachment":[{"href":"http:\/\/sportverein-lindern.de\/sv\/wp-json\/wp\/v2\/media?parent=926"}],"wp:term":[{"taxonomy":"category","embeddable":true,"href":"http:\/\/sportverein-lindern.de\/sv\/wp-json\/wp\/v2\/categories?post=926"},{"taxonomy":"post_tag","embeddable":true,"href":"http:\/\/sportverein-lindern.de\/sv\/wp-json\/wp\/v2\/tags?post=926"}],"curies":[{"name":"wp","href":"https:\/\/api.w.org\/{rel}","templated":true}]}}